{"id":1082,"date":"2021-12-11T18:41:18","date_gmt":"2021-12-11T17:41:18","guid":{"rendered":"https:\/\/main.freilab.de\/?p=1082"},"modified":"2023-02-28T12:03:12","modified_gmt":"2023-02-28T11:03:12","slug":"werkstattnutzung-waehrend-corona","status":"publish","type":"post","link":"https:\/\/freilab.de\/?p=1082","title":{"rendered":"Werkstattnutzung w\u00e4hrend Corona"},"content":{"rendered":"\n<p>Auch mit Corona ist fast ein normaler Betrieb f\u00fcr unsere Mitglieder m\u00f6glich. Wir haben hierzu eine Raumreservierung eingerichtet und wir k\u00f6nnen uns \u00fcber Slack absprechen, sollten sich Buchungen \u00fcberschneiden. Dabei ist zu beachten, dass maximal 5 Stunden am St\u00fcck gebucht werden k\u00f6nnen. Jeder Raum darf derzeit nur einmal von einem Haushalt reserviert und genutzt werden.<\/p>\n\n\n\n<p>Trotz dieser Einschr\u00e4nkungen sind die Vereinsr\u00e4ume sehr gut ausgelastet, um noch Geschenke f\u00fcr die Weihnachtszeit zu bauen, zu lasern oder zu drucken.<\/p>\n\n\n\n<p>Aktuell gilt 2G+ im FREILab.<\/p>\n\n\n\n<figure class=\"wp-block-image size-large\"><img loading=\"lazy\" decoding=\"async\" width=\"1024\" height=\"1024\" src=\"https:\/\/main.freilab.de\/wp-content\/uploads\/2021\/12\/2Gplus-1024x1024.jpg\" alt=\"\" class=\"wp-image-1096\" srcset=\"https:\/\/freilab.de\/wp-content\/uploads\/2021\/12\/2Gplus-1024x1024.jpg 1024w, https:\/\/freilab.de\/wp-content\/uploads\/2021\/12\/2Gplus-300x300.jpg 300w, https:\/\/freilab.de\/wp-content\/uploads\/2021\/12\/2Gplus-150x150.jpg 150w, https:\/\/freilab.de\/wp-content\/uploads\/2021\/12\/2Gplus-768x768.jpg 768w, https:\/\/freilab.de\/wp-content\/uploads\/2021\/12\/2Gplus-920x920.jpg 920w, https:\/\/freilab.de\/wp-content\/uploads\/2021\/12\/2Gplus-230x230.jpg 230w, https:\/\/freilab.de\/wp-content\/uploads\/2021\/12\/2Gplus-350x350.jpg 350w, https:\/\/freilab.de\/wp-content\/uploads\/2021\/12\/2Gplus-480x480.jpg 480w, https:\/\/freilab.de\/wp-content\/uploads\/2021\/12\/2Gplus-24x24.jpg 24w, https:\/\/freilab.de\/wp-content\/uploads\/2021\/12\/2Gplus-48x48.jpg 48w, https:\/\/freilab.de\/wp-content\/uploads\/2021\/12\/2Gplus-96x96.jpg 96w, https:\/\/freilab.de\/wp-content\/uploads\/2021\/12\/2Gplus.jpg 1500w\" sizes=\"auto, (max-width: 1024px) 100vw, 1024px\" \/><\/figure>\n\n\n\n<figure class=\"wp-block-image size-large\"><img loading=\"lazy\" decoding=\"async\" width=\"1024\" height=\"612\" src=\"https:\/\/main.freilab.de\/wp-content\/uploads\/2021\/12\/Raumreservierung-1024x612.png\" alt=\"\" class=\"wp-image-1084\" srcset=\"https:\/\/freilab.de\/wp-content\/uploads\/2021\/12\/Raumreservierung-1024x612.png 1024w, https:\/\/freilab.de\/wp-content\/uploads\/2021\/12\/Raumreservierung-300x179.png 300w, https:\/\/freilab.de\/wp-content\/uploads\/2021\/12\/Raumreservierung-768x459.png 768w, https:\/\/freilab.de\/wp-content\/uploads\/2021\/12\/Raumreservierung-920x549.png 920w, https:\/\/freilab.de\/wp-content\/uploads\/2021\/12\/Raumreservierung-230x137.png 230w, https:\/\/freilab.de\/wp-content\/uploads\/2021\/12\/Raumreservierung-350x209.png 350w, https:\/\/freilab.de\/wp-content\/uploads\/2021\/12\/Raumreservierung-480x287.png 480w, https:\/\/freilab.de\/wp-content\/uploads\/2021\/12\/Raumreservierung.png 1440w\" sizes=\"auto, (max-width: 1024px) 100vw, 1024px\" \/><\/figure>\n","protected":false},"excerpt":{"rendered":"<p>Auch mit Corona ist fast ein normaler Betrieb f\u00fcr unsere Mitglieder m\u00f6glich. Wir haben hierzu eine Raumreservierung eingerichtet und wir k\u00f6nnen uns [&hellip;]<\/p>\n","protected":false},"author":5,"featured_media":0,"comment_status":"closed","ping_status":"closed","sticky":false,"template":"","format":"standard","meta":{"inline_featured_image":false,"ngg_post_thumbnail":0,"footnotes":""},"categories":[10],"tags":[7,8,9],"class_list":["post-1082","post","type-post","status-publish","format-standard","hentry","category-corona","tag-corona","tag-raumreservierung","tag-werkstattnutzung"],"_links":{"self":[{"href":"https:\/\/freilab.de\/index.php?rest_route=\/wp\/v2\/posts\/1082","targetHints":{"allow":["GET"]}}],"collection":[{"href":"https:\/\/freilab.de\/index.php?rest_route=\/wp\/v2\/posts"}],"about":[{"href":"https:\/\/freilab.de\/index.php?rest_route=\/wp\/v2\/types\/post"}],"author":[{"embeddable":true,"href":"https:\/\/freilab.de\/index.php?rest_route=\/wp\/v2\/users\/5"}],"replies":[{"embeddable":true,"href":"https:\/\/freilab.de\/index.php?rest_route=%2Fwp%2Fv2%2Fcomments&post=1082"}],"version-history":[{"count":9,"href":"https:\/\/freilab.de\/index.php?rest_route=\/wp\/v2\/posts\/1082\/revisions"}],"predecessor-version":[{"id":1528,"href":"https:\/\/freilab.de\/index.php?rest_route=\/wp\/v2\/posts\/1082\/revisions\/1528"}],"wp:attachment":[{"href":"https:\/\/freilab.de\/index.php?rest_route=%2Fwp%2Fv2%2Fmedia&parent=1082"}],"wp:term":[{"taxonomy":"category","embeddable":true,"href":"https:\/\/freilab.de\/index.php?rest_route=%2Fwp%2Fv2%2Fcategories&post=1082"},{"taxonomy":"post_tag","embeddable":true,"href":"https:\/\/freilab.de\/index.php?rest_route=%2Fwp%2Fv2%2Ftags&post=1082"}],"curies":[{"name":"wp","href":"https:\/\/api.w.org\/{rel}","templated":true}]}}