{"id":2209,"date":"2025-10-26T16:18:37","date_gmt":"2025-10-26T15:18:37","guid":{"rendered":"https:\/\/freilab.de\/?p=2209"},"modified":"2025-10-26T16:19:09","modified_gmt":"2025-10-26T15:19:09","slug":"das-freilab-auf-dem-markt-der-moeglichkeiten","status":"publish","type":"post","link":"https:\/\/freilab.de\/?p=2209","title":{"rendered":"Das FREILab auf dem Markt der M\u00f6glichkeiten 2025"},"content":{"rendered":"<p>Am 10. Oktober 2025 lud die Universit\u00e4t Freiburg wieder alle neuen Erstsemester zu einer gro\u00dfen Begr\u00fc\u00dfungsveranstaltung ins Europa-Park-Stadion. Und wie bereits in den vergangen Jahren war das FREILab dort auch diesmal mit einem eigenen Stand vertreten.<\/p>\n<p>Knapp 3500 Studierende konnten im Rahmen des Erstsemestertages auf dem &#8222;Markt der M\u00f6glichkeiten&#8220; die zahlreichen Angebote verschiedener Hochschulgruppen, Vereine und Organisationen kennenlernen. Neben Informationsmaterial weckten wir vor allem mit unseren Ausstellungsst\u00fccke zum Anfassen und dem laufende 3D-Drucker die Neugier vieler Studienanf\u00e4nger aller m\u00f6glicher Fachrichtungen und sorgten damit f\u00fcr einen gro\u00dfen Andrang an unserem Stand.<\/p>\n<p>W\u00e4hrend sich angehende Studierende aus den einschl\u00e4gigen Fachrichtungen vor allem f\u00fcr die M\u00f6glichkeiten im Elektrobereich interessierten, waren viele andere an Dingen wie der Fahrradwerkstatt und der Aussicht, ihre Zweir\u00e4der bei uns reparieren zu k\u00f6nnen, begeistert. Und zwischen dem Fachsimpeln \u00fcber verschiedene 3D-Druckverfahren, die verschiedenen Anwendungsm\u00f6glichkeiten eines Lasercutters und der Ausstattung unseres Textilbereichs gestanden einige auch ihre Ambitionen, sich einmal selbst am Holzhandwerk zu versuchen.<\/p>\n<p>\u00dcber den gesamten Nachmittag hinweg durften wir so vielen Menschen von unserem Verein und der Werkstatt erz\u00e4hlen und hoffentlich das ein oder andere Neumitglied gewinnen. Und nat\u00fcrlich w\u00e4re all das ohne die zahlreichen Helferinnen und Helfer nicht m\u00f6glich gewesen. Vielen Dank daf\u00fcr!<\/p>\n\n\n<figure class=\"wp-block-image size-large\"><img data-dominant-color=\"627d82\" data-has-transparency=\"false\" style=\"--dominant-color: #627d82;\" loading=\"lazy\" decoding=\"async\" width=\"1024\" height=\"769\" src=\"https:\/\/freilab.de\/wp-content\/uploads\/2025\/10\/markt_2025-0-1024x769.avif\" alt=\"\" class=\"wp-image-2214 not-transparent\" srcset=\"https:\/\/freilab.de\/wp-content\/uploads\/2025\/10\/markt_2025-0-1024x769.avif 1024w, https:\/\/freilab.de\/wp-content\/uploads\/2025\/10\/markt_2025-0-300x225.avif 300w, https:\/\/freilab.de\/wp-content\/uploads\/2025\/10\/markt_2025-0-768x577.avif 768w, https:\/\/freilab.de\/wp-content\/uploads\/2025\/10\/markt_2025-0-1536x1153.avif 1536w, https:\/\/freilab.de\/wp-content\/uploads\/2025\/10\/markt_2025-0-2048x1538.avif 2048w, https:\/\/freilab.de\/wp-content\/uploads\/2025\/10\/markt_2025-0-1000x751.avif 1000w, https:\/\/freilab.de\/wp-content\/uploads\/2025\/10\/markt_2025-0-230x173.avif 230w, https:\/\/freilab.de\/wp-content\/uploads\/2025\/10\/markt_2025-0-350x263.avif 350w, https:\/\/freilab.de\/wp-content\/uploads\/2025\/10\/markt_2025-0-480x360.avif 480w\" sizes=\"auto, (max-width: 1024px) 100vw, 1024px\" \/><\/figure>\n\n\n\n<figure class=\"wp-block-image size-large\"><img data-dominant-color=\"508083\" data-has-transparency=\"false\" style=\"--dominant-color: #508083;\" loading=\"lazy\" decoding=\"async\" width=\"1024\" height=\"769\" src=\"https:\/\/freilab.de\/wp-content\/uploads\/2025\/10\/markt_2025-1-1024x769.avif\" alt=\"\" class=\"wp-image-2213 not-transparent\" srcset=\"https:\/\/freilab.de\/wp-content\/uploads\/2025\/10\/markt_2025-1-1024x769.avif 1024w, https:\/\/freilab.de\/wp-content\/uploads\/2025\/10\/markt_2025-1-300x225.avif 300w, https:\/\/freilab.de\/wp-content\/uploads\/2025\/10\/markt_2025-1-768x577.avif 768w, https:\/\/freilab.de\/wp-content\/uploads\/2025\/10\/markt_2025-1-1536x1153.avif 1536w, https:\/\/freilab.de\/wp-content\/uploads\/2025\/10\/markt_2025-1-2048x1538.avif 2048w, https:\/\/freilab.de\/wp-content\/uploads\/2025\/10\/markt_2025-1-1000x751.avif 1000w, https:\/\/freilab.de\/wp-content\/uploads\/2025\/10\/markt_2025-1-230x173.avif 230w, https:\/\/freilab.de\/wp-content\/uploads\/2025\/10\/markt_2025-1-350x263.avif 350w, https:\/\/freilab.de\/wp-content\/uploads\/2025\/10\/markt_2025-1-480x360.avif 480w\" sizes=\"auto, (max-width: 1024px) 100vw, 1024px\" \/><\/figure>\n\n\n\n<figure class=\"wp-block-image size-large\"><img data-dominant-color=\"6a7e82\" data-has-transparency=\"false\" style=\"--dominant-color: #6a7e82;\" loading=\"lazy\" decoding=\"async\" width=\"1024\" height=\"810\" src=\"https:\/\/freilab.de\/wp-content\/uploads\/2025\/10\/markt_2025-2-1024x810.avif\" alt=\"\" class=\"wp-image-2212 not-transparent\" srcset=\"https:\/\/freilab.de\/wp-content\/uploads\/2025\/10\/markt_2025-2-1024x810.avif 1024w, https:\/\/freilab.de\/wp-content\/uploads\/2025\/10\/markt_2025-2-300x237.avif 300w, https:\/\/freilab.de\/wp-content\/uploads\/2025\/10\/markt_2025-2-768x607.avif 768w, https:\/\/freilab.de\/wp-content\/uploads\/2025\/10\/markt_2025-2-1536x1215.avif 1536w, https:\/\/freilab.de\/wp-content\/uploads\/2025\/10\/markt_2025-2-2048x1620.avif 2048w, https:\/\/freilab.de\/wp-content\/uploads\/2025\/10\/markt_2025-2-1000x791.avif 1000w, https:\/\/freilab.de\/wp-content\/uploads\/2025\/10\/markt_2025-2-230x182.avif 230w, https:\/\/freilab.de\/wp-content\/uploads\/2025\/10\/markt_2025-2-350x277.avif 350w, https:\/\/freilab.de\/wp-content\/uploads\/2025\/10\/markt_2025-2-480x380.avif 480w\" sizes=\"auto, (max-width: 1024px) 100vw, 1024px\" \/><\/figure>\n","protected":false},"excerpt":{"rendered":"<p>Am 10. Oktober 2025 lud die Universit\u00e4t Freiburg wieder alle neuen Erstsemester zu einer gro\u00dfen Begr\u00fc\u00dfungsveranstaltung ins Europa-Park-Stadion. Und wie bereits in [&hellip;]<\/p>\n","protected":false},"author":5,"featured_media":0,"comment_status":"closed","ping_status":"open","sticky":false,"template":"","format":"standard","meta":{"inline_featured_image":false,"ngg_post_thumbnail":0,"footnotes":""},"categories":[2],"tags":[4,23,3],"class_list":["post-2209","post","type-post","status-publish","format-standard","hentry","category-pressemitteilung","tag-freilab","tag-markt","tag-pressemitteilung"],"_links":{"self":[{"href":"https:\/\/freilab.de\/index.php?rest_route=\/wp\/v2\/posts\/2209","targetHints":{"allow":["GET"]}}],"collection":[{"href":"https:\/\/freilab.de\/index.php?rest_route=\/wp\/v2\/posts"}],"about":[{"href":"https:\/\/freilab.de\/index.php?rest_route=\/wp\/v2\/types\/post"}],"author":[{"embeddable":true,"href":"https:\/\/freilab.de\/index.php?rest_route=\/wp\/v2\/users\/5"}],"replies":[{"embeddable":true,"href":"https:\/\/freilab.de\/index.php?rest_route=%2Fwp%2Fv2%2Fcomments&post=2209"}],"version-history":[{"count":4,"href":"https:\/\/freilab.de\/index.php?rest_route=\/wp\/v2\/posts\/2209\/revisions"}],"predecessor-version":[{"id":2216,"href":"https:\/\/freilab.de\/index.php?rest_route=\/wp\/v2\/posts\/2209\/revisions\/2216"}],"wp:attachment":[{"href":"https:\/\/freilab.de\/index.php?rest_route=%2Fwp%2Fv2%2Fmedia&parent=2209"}],"wp:term":[{"taxonomy":"category","embeddable":true,"href":"https:\/\/freilab.de\/index.php?rest_route=%2Fwp%2Fv2%2Fcategories&post=2209"},{"taxonomy":"post_tag","embeddable":true,"href":"https:\/\/freilab.de\/index.php?rest_route=%2Fwp%2Fv2%2Ftags&post=2209"}],"curies":[{"name":"wp","href":"https:\/\/api.w.org\/{rel}","templated":true}]}}